{"id":3480,"date":"2026-08-31T22:38:37","date_gmt":"2026-08-31T20:38:37","guid":{"rendered":"https:\/\/cebe.be\/fr\/?p=3480"},"modified":"2026-08-31T22:38:38","modified_gmt":"2026-08-31T20:38:38","slug":"06-09-2026-news-balade-decouverte-du-patrimoine-everois","status":"publish","type":"post","link":"https:\/\/cebe.be\/fr\/2026\/08\/31\/06-09-2026-news-balade-decouverte-du-patrimoine-everois\/","title":{"rendered":"06\/09\/2026 &#8211; News &#8211; Balade d\u00e9couverte du Patrimoine Everois"},"content":{"rendered":"\n<p class=\"wp-block-paragraph\"><br><\/p>\n\n\n\n<p class=\"wp-block-paragraph\"><\/p>\n\n\n\n<p class=\"wp-block-paragraph\"><\/p>\n\n\n\n<div class=\"wp-block-columns is-layout-flex wp-container-core-columns-is-layout-8f761849 wp-block-columns-is-layout-flex\">\n<div class=\"wp-block-column is-vertically-aligned-center is-layout-flow wp-block-column-is-layout-flow\" style=\"flex-basis:33.33%\"><figure class=\"wp-block-post-featured-image\"><img loading=\"lazy\" decoding=\"async\" width=\"1438\" height=\"978\" src=\"https:\/\/cebe.be\/fr\/wp-content\/uploads\/2026\/03\/moulin.jpg\" class=\"attachment-post-thumbnail size-post-thumbnail wp-post-image\" alt=\"\" style=\"object-fit:cover;\" srcset=\"https:\/\/cebe.be\/fr\/wp-content\/uploads\/2026\/03\/moulin.jpg 1438w, https:\/\/cebe.be\/fr\/wp-content\/uploads\/2026\/03\/moulin-300x204.jpg 300w, https:\/\/cebe.be\/fr\/wp-content\/uploads\/2026\/03\/moulin-1024x696.jpg 1024w, https:\/\/cebe.be\/fr\/wp-content\/uploads\/2026\/03\/moulin-768x522.jpg 768w, https:\/\/cebe.be\/fr\/wp-content\/uploads\/2026\/03\/moulin-24x16.jpg 24w, https:\/\/cebe.be\/fr\/wp-content\/uploads\/2026\/03\/moulin-36x24.jpg 36w, https:\/\/cebe.be\/fr\/wp-content\/uploads\/2026\/03\/moulin-48x33.jpg 48w\" sizes=\"auto, (max-width: 1438px) 100vw, 1438px\" \/><\/figure><\/div>\n\n\n\n<div class=\"wp-block-column is-vertically-aligned-center is-layout-flow wp-block-column-is-layout-flow\" style=\"flex-basis:66.66%\">\n<p class=\"wp-block-paragraph\">O\u00f9 : Complexe Sportif d\u2019Evere \u2013 1er \u00e9tage<br>Avenue des Anciens Combattants 300<br>1140 Bruxelles &#8211; Evere<br>Le dimanche 6 septembre 2026<br>D\u00e9part et arriv\u00e9e au m\u00eame endroit<br>A partir de 9h30 jusqu\u2019\u00e0 15h<br>Remise d\u2019une brochure (parcours) et d\u2019un plan<br>Participation gratuite<br>Petite restauration &#8211; prix d\u00e9mocratique<br>Soupe aux chicons &#8211; pistolets &#8211; tartes<br>Boissons soft &#8211; bi\u00e8re -vin<br>Caf\u00e9\/th\u00e9<\/p>\n\n\n\n<p class=\"wp-block-paragraph\">R\u00e9servation souhaitable pour le bon<br>d\u00e9roulement de l\u2019activit\u00e9 aupr\u00e8s du<br>Pr\u00e9sident : Luc Verbiest :<br>0477\/ 75 23 05 ou par E-mail :<br><a href=\"mailto:sagayasellier@skynet.be\">sagayasellier@skynet.be<\/a><\/p>\n\n\n\n<p class=\"wp-block-paragraph\"><\/p>\n<\/div>\n<\/div>\n\n\n\n<hr class=\"wp-block-separator has-alpha-channel-opacity\"\/>\n","protected":false},"excerpt":{"rendered":"<p>O\u00f9 : Complexe Sportif d\u2019Evere \u2013 1er \u00e9tageAvenue des Anciens Combattants 3001140 Bruxelles &#8211; EvereLe dimanche 6 septembre 2026D\u00e9part et arriv\u00e9e au m\u00eame endroitA partir de 9h30 jusqu\u2019\u00e0 15hRemise d\u2019une brochure (parcours) et d\u2019un planParticipation gratuitePetite restauration &#8211; prix d\u00e9mocratiqueSoupe aux chicons &#8211; pistolets &#8211; tartesBoissons soft &#8211; bi\u00e8re -vinCaf\u00e9\/th\u00e9 R\u00e9servation souhaitable pour le bond\u00e9roulement&hellip;&nbsp;<a href=\"https:\/\/cebe.be\/fr\/2026\/08\/31\/06-09-2026-news-balade-decouverte-du-patrimoine-everois\/\" rel=\"bookmark\">Lire la suite &raquo;<span class=\"screen-reader-text\">06\/09\/2026 &#8211; News &#8211; Balade d\u00e9couverte du Patrimoine Everois<\/span><\/a><\/p>\n","protected":false},"author":2,"featured_media":2737,"comment_status":"closed","ping_status":"closed","sticky":false,"template":"","format":"standard","meta":{"_acf_changed":false,"neve_meta_sidebar":"","neve_meta_container":"","neve_meta_enable_content_width":"","neve_meta_content_width":0,"neve_meta_title_alignment":"","neve_meta_author_avatar":"","neve_post_elements_order":"","neve_meta_disable_header":"","neve_meta_disable_footer":"","neve_meta_disable_title":"","iawp_total_views":1,"footnotes":""},"categories":[7],"tags":[],"class_list":["post-3480","post","type-post","status-publish","format-standard","has-post-thumbnail","hentry","category-news"],"acf":[],"_links":{"self":[{"href":"https:\/\/cebe.be\/fr\/wp-json\/wp\/v2\/posts\/3480","targetHints":{"allow":["GET"]}}],"collection":[{"href":"https:\/\/cebe.be\/fr\/wp-json\/wp\/v2\/posts"}],"about":[{"href":"https:\/\/cebe.be\/fr\/wp-json\/wp\/v2\/types\/post"}],"author":[{"embeddable":true,"href":"https:\/\/cebe.be\/fr\/wp-json\/wp\/v2\/users\/2"}],"replies":[{"embeddable":true,"href":"https:\/\/cebe.be\/fr\/wp-json\/wp\/v2\/comments?post=3480"}],"version-history":[{"count":1,"href":"https:\/\/cebe.be\/fr\/wp-json\/wp\/v2\/posts\/3480\/revisions"}],"predecessor-version":[{"id":3483,"href":"https:\/\/cebe.be\/fr\/wp-json\/wp\/v2\/posts\/3480\/revisions\/3483"}],"wp:featuredmedia":[{"embeddable":true,"href":"https:\/\/cebe.be\/fr\/wp-json\/wp\/v2\/media\/2737"}],"wp:attachment":[{"href":"https:\/\/cebe.be\/fr\/wp-json\/wp\/v2\/media?parent=3480"}],"wp:term":[{"taxonomy":"category","embeddable":true,"href":"https:\/\/cebe.be\/fr\/wp-json\/wp\/v2\/categories?post=3480"},{"taxonomy":"post_tag","embeddable":true,"href":"https:\/\/cebe.be\/fr\/wp-json\/wp\/v2\/tags?post=3480"}],"curies":[{"name":"wp","href":"https:\/\/api.w.org\/{rel}","templated":true}]}}