{"id":3200,"date":"2026-04-15T21:55:55","date_gmt":"2026-04-15T19:55:55","guid":{"rendered":"https:\/\/cebe.be\/fr\/?p=3200"},"modified":"2026-04-28T22:00:33","modified_gmt":"2026-04-28T20:00:33","slug":"15-04-2026-news-communique-de-presse","status":"publish","type":"post","link":"https:\/\/cebe.be\/fr\/2026\/04\/15\/15-04-2026-news-communique-de-presse\/","title":{"rendered":"15\/04\/2026 &#8211; News &#8211; communiqu\u00e9 de presse"},"content":{"rendered":"\n<p><\/p>\n\n\n\n<div class=\"wp-block-columns is-layout-flex wp-container-core-columns-is-layout-9d6595d7 wp-block-columns-is-layout-flex\">\n<div class=\"wp-block-column is-vertically-aligned-center is-layout-flow wp-block-column-is-layout-flow\" style=\"flex-basis:33.33%\"><figure class=\"wp-block-post-featured-image\"><img loading=\"lazy\" decoding=\"async\" width=\"1920\" height=\"2560\" src=\"https:\/\/cebe.be\/fr\/wp-content\/uploads\/2026\/04\/2026_02_Protoparmeliopsis-muralis-02-2026-scaled.jpg\" class=\"attachment-post-thumbnail size-post-thumbnail wp-post-image\" alt=\"\" style=\"object-fit:cover;\" srcset=\"https:\/\/cebe.be\/fr\/wp-content\/uploads\/2026\/04\/2026_02_Protoparmeliopsis-muralis-02-2026-scaled.jpg 1920w, https:\/\/cebe.be\/fr\/wp-content\/uploads\/2026\/04\/2026_02_Protoparmeliopsis-muralis-02-2026-225x300.jpg 225w, https:\/\/cebe.be\/fr\/wp-content\/uploads\/2026\/04\/2026_02_Protoparmeliopsis-muralis-02-2026-768x1024.jpg 768w, https:\/\/cebe.be\/fr\/wp-content\/uploads\/2026\/04\/2026_02_Protoparmeliopsis-muralis-02-2026-1152x1536.jpg 1152w, https:\/\/cebe.be\/fr\/wp-content\/uploads\/2026\/04\/2026_02_Protoparmeliopsis-muralis-02-2026-1536x2048.jpg 1536w, https:\/\/cebe.be\/fr\/wp-content\/uploads\/2026\/04\/2026_02_Protoparmeliopsis-muralis-02-2026-18x24.jpg 18w, https:\/\/cebe.be\/fr\/wp-content\/uploads\/2026\/04\/2026_02_Protoparmeliopsis-muralis-02-2026-27x36.jpg 27w, https:\/\/cebe.be\/fr\/wp-content\/uploads\/2026\/04\/2026_02_Protoparmeliopsis-muralis-02-2026-36x48.jpg 36w\" sizes=\"auto, (max-width: 1920px) 100vw, 1920px\" \/><\/figure><\/div>\n\n\n\n<div class=\"wp-block-column is-vertically-aligned-center is-layout-flow wp-block-column-is-layout-flow\" style=\"flex-basis:66.66%\">\n<p>Par jugement prononc\u00e9 le 29 octobre 2025, le tribunal de premi\u00e8re instance francophone de Bruxelles condamnait la R\u00e9gion de Bruxelles Capitale \u00e0 prendre les mesures n\u00e9cessaires pour suspendre l\u2019urbanisation et l\u2019imperm\u00e9abilisation des sites et terrains non b\u00e2tis de plus de 0,5 ha sur son territoire, et ce, jusqu\u2019\u00e0 l\u2019adoption d\u2019un nouveau PRAS et ce au plus tard jusqu\u2019au 31 d\u00e9cembre 2026.<\/p>\n\n\n\n<p>Ce jugement pouvait donc s\u2019assimiler \u00e0 un moratoire sur l\u2019urbanisation \u00e0 Bruxelles.<\/p>\n\n\n\n<p>La R\u00e9gion bruxelloise vient de prendre une circulaire d\u2019interpr\u00e9tation de ce texte\u2026qui suscite le communiqu\u00e9 de presse suivant de WAN et Bruxelles Nature&nbsp;:<\/p>\n\n\n\n<div data-wp-interactive=\"core\/file\" class=\"wp-block-file\"><object data-wp-bind--hidden=\"!state.hasPdfPreview\" hidden class=\"wp-block-file__embed\" data=\"https:\/\/cebe.be\/fr\/wp-content\/uploads\/2026\/04\/2026_04_10_com-presse-circulaire-gvt-voyou-democratique.pdf\" type=\"application\/pdf\" style=\"width:100%;height:600px\" aria-label=\"Contenu embarqu\u00e9 2026_04_10_com presse circulaire- gvt voyou democratique.\"><\/object><a id=\"wp-block-file--media-70666132-fbb8-4ff4-b3ef-62e284baa2e2\" href=\"https:\/\/cebe.be\/fr\/wp-content\/uploads\/2026\/04\/2026_04_10_com-presse-circulaire-gvt-voyou-democratique.pdf\">2026_04_10_com presse circulaire- gvt voyou democratique<\/a><a href=\"https:\/\/cebe.be\/fr\/wp-content\/uploads\/2026\/04\/2026_04_10_com-presse-circulaire-gvt-voyou-democratique.pdf\" class=\"wp-block-file__button wp-element-button\" download aria-describedby=\"wp-block-file--media-70666132-fbb8-4ff4-b3ef-62e284baa2e2\">T\u00e9l\u00e9charger<\/a><\/div>\n<\/div>\n<\/div>\n\n\n\n<hr class=\"wp-block-separator has-alpha-channel-opacity\"\/>\n","protected":false},"excerpt":{"rendered":"<p>Par jugement prononc\u00e9 le 29 octobre 2025, le tribunal de premi\u00e8re instance francophone de Bruxelles condamnait la R\u00e9gion de Bruxelles Capitale \u00e0 prendre les mesures n\u00e9cessaires pour suspendre l\u2019urbanisation et l\u2019imperm\u00e9abilisation des sites et terrains non b\u00e2tis de plus de 0,5 ha sur son territoire, et ce, jusqu\u2019\u00e0 l\u2019adoption d\u2019un nouveau PRAS et ce au&hellip;&nbsp;<a href=\"https:\/\/cebe.be\/fr\/2026\/04\/15\/15-04-2026-news-communique-de-presse\/\" rel=\"bookmark\">Lire la suite &raquo;<span class=\"screen-reader-text\">15\/04\/2026 &#8211; News &#8211; communiqu\u00e9 de presse<\/span><\/a><\/p>\n","protected":false},"author":2,"featured_media":3201,"comment_status":"closed","ping_status":"closed","sticky":false,"template":"","format":"standard","meta":{"_acf_changed":false,"neve_meta_sidebar":"","neve_meta_container":"","neve_meta_enable_content_width":"","neve_meta_content_width":0,"neve_meta_title_alignment":"","neve_meta_author_avatar":"","neve_post_elements_order":"","neve_meta_disable_header":"","neve_meta_disable_footer":"","neve_meta_disable_title":"","iawp_total_views":0,"footnotes":""},"categories":[7],"tags":[],"class_list":["post-3200","post","type-post","status-publish","format-standard","has-post-thumbnail","hentry","category-news"],"acf":[],"_links":{"self":[{"href":"https:\/\/cebe.be\/fr\/wp-json\/wp\/v2\/posts\/3200","targetHints":{"allow":["GET"]}}],"collection":[{"href":"https:\/\/cebe.be\/fr\/wp-json\/wp\/v2\/posts"}],"about":[{"href":"https:\/\/cebe.be\/fr\/wp-json\/wp\/v2\/types\/post"}],"author":[{"embeddable":true,"href":"https:\/\/cebe.be\/fr\/wp-json\/wp\/v2\/users\/2"}],"replies":[{"embeddable":true,"href":"https:\/\/cebe.be\/fr\/wp-json\/wp\/v2\/comments?post=3200"}],"version-history":[{"count":1,"href":"https:\/\/cebe.be\/fr\/wp-json\/wp\/v2\/posts\/3200\/revisions"}],"predecessor-version":[{"id":3203,"href":"https:\/\/cebe.be\/fr\/wp-json\/wp\/v2\/posts\/3200\/revisions\/3203"}],"wp:featuredmedia":[{"embeddable":true,"href":"https:\/\/cebe.be\/fr\/wp-json\/wp\/v2\/media\/3201"}],"wp:attachment":[{"href":"https:\/\/cebe.be\/fr\/wp-json\/wp\/v2\/media?parent=3200"}],"wp:term":[{"taxonomy":"category","embeddable":true,"href":"https:\/\/cebe.be\/fr\/wp-json\/wp\/v2\/categories?post=3200"},{"taxonomy":"post_tag","embeddable":true,"href":"https:\/\/cebe.be\/fr\/wp-json\/wp\/v2\/tags?post=3200"}],"curies":[{"name":"wp","href":"https:\/\/api.w.org\/{rel}","templated":true}]}}