{"id":3185,"date":"2026-04-27T23:01:27","date_gmt":"2026-04-27T21:01:27","guid":{"rendered":"https:\/\/cebe.be\/fr\/?p=3185"},"modified":"2026-04-27T23:03:08","modified_gmt":"2026-04-27T21:03:08","slug":"25-04-2026-news-potager-des-aromatiques","status":"publish","type":"post","link":"https:\/\/cebe.be\/fr\/2026\/04\/27\/25-04-2026-news-potager-des-aromatiques\/","title":{"rendered":"25\/04\/2026 &#8211; News &#8211; Potagers"},"content":{"rendered":"\n<p><\/p>\n\n\n\n<div class=\"wp-block-columns is-layout-flex wp-container-core-columns-is-layout-9d6595d7 wp-block-columns-is-layout-flex\">\n<div class=\"wp-block-column is-vertically-aligned-center is-layout-flow wp-block-column-is-layout-flow\" style=\"flex-basis:33.33%\"><figure class=\"wp-block-post-featured-image\"><img loading=\"lazy\" decoding=\"async\" width=\"1200\" height=\"900\" src=\"https:\/\/cebe.be\/fr\/wp-content\/uploads\/2026\/04\/2026_04_25_GM-Jardin-Aro_MIMO-1.jpg\" class=\"attachment-post-thumbnail size-post-thumbnail wp-post-image\" alt=\"\" style=\"object-fit:cover;\" srcset=\"https:\/\/cebe.be\/fr\/wp-content\/uploads\/2026\/04\/2026_04_25_GM-Jardin-Aro_MIMO-1.jpg 1200w, https:\/\/cebe.be\/fr\/wp-content\/uploads\/2026\/04\/2026_04_25_GM-Jardin-Aro_MIMO-1-300x225.jpg 300w, https:\/\/cebe.be\/fr\/wp-content\/uploads\/2026\/04\/2026_04_25_GM-Jardin-Aro_MIMO-1-1024x768.jpg 1024w, https:\/\/cebe.be\/fr\/wp-content\/uploads\/2026\/04\/2026_04_25_GM-Jardin-Aro_MIMO-1-768x576.jpg 768w, https:\/\/cebe.be\/fr\/wp-content\/uploads\/2026\/04\/2026_04_25_GM-Jardin-Aro_MIMO-1-24x18.jpg 24w, https:\/\/cebe.be\/fr\/wp-content\/uploads\/2026\/04\/2026_04_25_GM-Jardin-Aro_MIMO-1-36x27.jpg 36w, https:\/\/cebe.be\/fr\/wp-content\/uploads\/2026\/04\/2026_04_25_GM-Jardin-Aro_MIMO-1-48x36.jpg 48w\" sizes=\"auto, (max-width: 1200px) 100vw, 1200px\" \/><\/figure><\/div>\n\n\n\n<div class=\"wp-block-column is-vertically-aligned-center is-layout-flow wp-block-column-is-layout-flow\" style=\"flex-basis:66.66%\">\n<p>Ce mercredi 22 avril et ce samedi 25 ont \u00e9t\u00e9 consacr\u00e9s \u00e0 la remise en \u00e9tat des potagers CEBE. Au Houtweg, en semaine, nous \u00e9tions trois, sans oublier les nombreuses interventions d\u2019Abdel, b\u00e9n\u00e9vole et voisin imm\u00e9diat, en dehors de ces moments planifi\u00e9s. Au Jardin des Aromatiques, au pied du Moulin d\u2019Evere, nous \u00e9tions dix ce samedi. Point tr\u00e8s positif : une visite impromptue le mercredi a attir\u00e9 quatre personnes au Houtweg. Quant \u00e0 la premi\u00e8re visite mensuelle de l\u2019ann\u00e9e au Jardin des Aromatiques, elle a r\u00e9uni onze participants, inaugurant ainsi notre cycle de visites guid\u00e9es. Un bon d\u00e9but !<\/p>\n\n\n\n<figure class=\"wp-block-gallery has-nested-images columns-default is-cropped wp-block-gallery-1 is-layout-flex wp-block-gallery-is-layout-flex\">\n<figure class=\"wp-block-image size-large\"><img loading=\"lazy\" decoding=\"async\" width=\"1024\" height=\"768\" data-id=\"3187\" src=\"https:\/\/cebe.be\/fr\/wp-content\/uploads\/2026\/04\/2026_04_25_GM-Jardin-Aro_MIMO-2-1024x768.jpg\" alt=\"\" class=\"wp-image-3187\" srcset=\"https:\/\/cebe.be\/fr\/wp-content\/uploads\/2026\/04\/2026_04_25_GM-Jardin-Aro_MIMO-2-1024x768.jpg 1024w, https:\/\/cebe.be\/fr\/wp-content\/uploads\/2026\/04\/2026_04_25_GM-Jardin-Aro_MIMO-2-300x225.jpg 300w, https:\/\/cebe.be\/fr\/wp-content\/uploads\/2026\/04\/2026_04_25_GM-Jardin-Aro_MIMO-2-768x576.jpg 768w, https:\/\/cebe.be\/fr\/wp-content\/uploads\/2026\/04\/2026_04_25_GM-Jardin-Aro_MIMO-2-24x18.jpg 24w, https:\/\/cebe.be\/fr\/wp-content\/uploads\/2026\/04\/2026_04_25_GM-Jardin-Aro_MIMO-2-36x27.jpg 36w, https:\/\/cebe.be\/fr\/wp-content\/uploads\/2026\/04\/2026_04_25_GM-Jardin-Aro_MIMO-2-48x36.jpg 48w, https:\/\/cebe.be\/fr\/wp-content\/uploads\/2026\/04\/2026_04_25_GM-Jardin-Aro_MIMO-2.jpg 1200w\" sizes=\"auto, (max-width: 1024px) 100vw, 1024px\" \/><\/figure>\n<\/figure>\n<\/div>\n<\/div>\n\n\n\n<hr class=\"wp-block-separator has-alpha-channel-opacity\"\/>\n","protected":false},"excerpt":{"rendered":"<p>Ce mercredi 22 avril et ce samedi 25 ont \u00e9t\u00e9 consacr\u00e9s \u00e0 la remise en \u00e9tat des potagers CEBE. Au Houtweg, en semaine, nous \u00e9tions trois, sans oublier les nombreuses interventions d\u2019Abdel, b\u00e9n\u00e9vole et voisin imm\u00e9diat, en dehors de ces moments planifi\u00e9s. Au Jardin des Aromatiques, au pied du Moulin d\u2019Evere, nous \u00e9tions dix ce&hellip;&nbsp;<a href=\"https:\/\/cebe.be\/fr\/2026\/04\/27\/25-04-2026-news-potager-des-aromatiques\/\" rel=\"bookmark\">Lire la suite &raquo;<span class=\"screen-reader-text\">25\/04\/2026 &#8211; News &#8211; Potagers<\/span><\/a><\/p>\n","protected":false},"author":2,"featured_media":3186,"comment_status":"closed","ping_status":"closed","sticky":false,"template":"","format":"standard","meta":{"_acf_changed":false,"neve_meta_sidebar":"","neve_meta_container":"","neve_meta_enable_content_width":"","neve_meta_content_width":0,"neve_meta_title_alignment":"","neve_meta_author_avatar":"","neve_post_elements_order":"","neve_meta_disable_header":"","neve_meta_disable_footer":"","neve_meta_disable_title":"","iawp_total_views":0,"footnotes":""},"categories":[7],"tags":[],"class_list":["post-3185","post","type-post","status-publish","format-standard","has-post-thumbnail","hentry","category-news"],"acf":[],"_links":{"self":[{"href":"https:\/\/cebe.be\/fr\/wp-json\/wp\/v2\/posts\/3185","targetHints":{"allow":["GET"]}}],"collection":[{"href":"https:\/\/cebe.be\/fr\/wp-json\/wp\/v2\/posts"}],"about":[{"href":"https:\/\/cebe.be\/fr\/wp-json\/wp\/v2\/types\/post"}],"author":[{"embeddable":true,"href":"https:\/\/cebe.be\/fr\/wp-json\/wp\/v2\/users\/2"}],"replies":[{"embeddable":true,"href":"https:\/\/cebe.be\/fr\/wp-json\/wp\/v2\/comments?post=3185"}],"version-history":[{"count":2,"href":"https:\/\/cebe.be\/fr\/wp-json\/wp\/v2\/posts\/3185\/revisions"}],"predecessor-version":[{"id":3189,"href":"https:\/\/cebe.be\/fr\/wp-json\/wp\/v2\/posts\/3185\/revisions\/3189"}],"wp:featuredmedia":[{"embeddable":true,"href":"https:\/\/cebe.be\/fr\/wp-json\/wp\/v2\/media\/3186"}],"wp:attachment":[{"href":"https:\/\/cebe.be\/fr\/wp-json\/wp\/v2\/media?parent=3185"}],"wp:term":[{"taxonomy":"category","embeddable":true,"href":"https:\/\/cebe.be\/fr\/wp-json\/wp\/v2\/categories?post=3185"},{"taxonomy":"post_tag","embeddable":true,"href":"https:\/\/cebe.be\/fr\/wp-json\/wp\/v2\/tags?post=3185"}],"curies":[{"name":"wp","href":"https:\/\/api.w.org\/{rel}","templated":true}]}}