{"id":3020,"date":"2026-03-23T23:58:32","date_gmt":"2026-03-23T22:58:32","guid":{"rendered":"https:\/\/cebe.be\/fr\/?p=3020"},"modified":"2026-04-01T23:59:10","modified_gmt":"2026-04-01T21:59:10","slug":"23-03-2026-news","status":"publish","type":"post","link":"https:\/\/cebe.be\/fr\/2026\/03\/23\/23-03-2026-news\/","title":{"rendered":"23\/03\/2026  &#8211; News"},"content":{"rendered":"\n<p><\/p>\n\n\n\n<div class=\"wp-block-columns is-layout-flex wp-container-core-columns-is-layout-9d6595d7 wp-block-columns-is-layout-flex\">\n<div class=\"wp-block-column is-vertically-aligned-center is-layout-flow wp-block-column-is-layout-flow\" style=\"flex-basis:33.33%\"><figure class=\"wp-block-post-featured-image\"><img loading=\"lazy\" decoding=\"async\" width=\"1688\" height=\"1125\" src=\"https:\/\/cebe.be\/fr\/wp-content\/uploads\/2026\/04\/2026_04_01-FB-03-Jette-Parc-Baudouin-03.jpg\" class=\"attachment-post-thumbnail size-post-thumbnail wp-post-image\" alt=\"\" style=\"object-fit:cover;\" srcset=\"https:\/\/cebe.be\/fr\/wp-content\/uploads\/2026\/04\/2026_04_01-FB-03-Jette-Parc-Baudouin-03.jpg 1688w, https:\/\/cebe.be\/fr\/wp-content\/uploads\/2026\/04\/2026_04_01-FB-03-Jette-Parc-Baudouin-03-300x200.jpg 300w, https:\/\/cebe.be\/fr\/wp-content\/uploads\/2026\/04\/2026_04_01-FB-03-Jette-Parc-Baudouin-03-1024x682.jpg 1024w, https:\/\/cebe.be\/fr\/wp-content\/uploads\/2026\/04\/2026_04_01-FB-03-Jette-Parc-Baudouin-03-768x512.jpg 768w, https:\/\/cebe.be\/fr\/wp-content\/uploads\/2026\/04\/2026_04_01-FB-03-Jette-Parc-Baudouin-03-1536x1024.jpg 1536w, https:\/\/cebe.be\/fr\/wp-content\/uploads\/2026\/04\/2026_04_01-FB-03-Jette-Parc-Baudouin-03-930x620.jpg 930w, https:\/\/cebe.be\/fr\/wp-content\/uploads\/2026\/04\/2026_04_01-FB-03-Jette-Parc-Baudouin-03-24x16.jpg 24w, https:\/\/cebe.be\/fr\/wp-content\/uploads\/2026\/04\/2026_04_01-FB-03-Jette-Parc-Baudouin-03-36x24.jpg 36w, https:\/\/cebe.be\/fr\/wp-content\/uploads\/2026\/04\/2026_04_01-FB-03-Jette-Parc-Baudouin-03-48x32.jpg 48w\" sizes=\"auto, (max-width: 1688px) 100vw, 1688px\" \/><\/figure><\/div>\n\n\n\n<div class=\"wp-block-column is-vertically-aligned-center is-layout-flow wp-block-column-is-layout-flow\" style=\"flex-basis:66.66%\">\n<p>Ce 23 mars, trois membres de la CEBE ont particip\u00e9, aux c\u00f4t\u00e9s de cinq agents de Bruxelles Environnement, \u00e0 une sortie au parc Baudouin \u00e0 Jette.<br>L\u2019objectif \u00e9tait de r\u00e9fl\u00e9chir ensemble \u00e0 une \u00e9ventuelle remise \u00e0 ciel ouvert des 350 m\u00e8tres du Kerkebeek actuellement vo\u00fbt\u00e9s au Moeraske.<br>Cette r\u00e9union de terrain s\u2019est r\u00e9v\u00e9l\u00e9e particuli\u00e8rement int\u00e9ressante.<br>Affaire \u00e0 suivre, sans aucun doute.<\/p>\n\n\n\n<figure class=\"wp-block-gallery has-nested-images columns-default is-cropped wp-block-gallery-1 is-layout-flex wp-block-gallery-is-layout-flex\">\n<figure class=\"wp-block-image size-large\"><img loading=\"lazy\" decoding=\"async\" width=\"1024\" height=\"682\" data-id=\"3022\" src=\"https:\/\/cebe.be\/fr\/wp-content\/uploads\/2026\/04\/2026_04_01-FB-02-Jette-Parc-Baudouin-02-1024x682.jpg\" alt=\"\" class=\"wp-image-3022\" srcset=\"https:\/\/cebe.be\/fr\/wp-content\/uploads\/2026\/04\/2026_04_01-FB-02-Jette-Parc-Baudouin-02-1024x682.jpg 1024w, https:\/\/cebe.be\/fr\/wp-content\/uploads\/2026\/04\/2026_04_01-FB-02-Jette-Parc-Baudouin-02-300x200.jpg 300w, https:\/\/cebe.be\/fr\/wp-content\/uploads\/2026\/04\/2026_04_01-FB-02-Jette-Parc-Baudouin-02-768x512.jpg 768w, https:\/\/cebe.be\/fr\/wp-content\/uploads\/2026\/04\/2026_04_01-FB-02-Jette-Parc-Baudouin-02-1536x1024.jpg 1536w, https:\/\/cebe.be\/fr\/wp-content\/uploads\/2026\/04\/2026_04_01-FB-02-Jette-Parc-Baudouin-02-930x620.jpg 930w, https:\/\/cebe.be\/fr\/wp-content\/uploads\/2026\/04\/2026_04_01-FB-02-Jette-Parc-Baudouin-02-24x16.jpg 24w, https:\/\/cebe.be\/fr\/wp-content\/uploads\/2026\/04\/2026_04_01-FB-02-Jette-Parc-Baudouin-02-36x24.jpg 36w, https:\/\/cebe.be\/fr\/wp-content\/uploads\/2026\/04\/2026_04_01-FB-02-Jette-Parc-Baudouin-02-48x32.jpg 48w, https:\/\/cebe.be\/fr\/wp-content\/uploads\/2026\/04\/2026_04_01-FB-02-Jette-Parc-Baudouin-02.jpg 1688w\" sizes=\"auto, (max-width: 1024px) 100vw, 1024px\" \/><\/figure>\n<\/figure>\n<\/div>\n<\/div>\n\n\n\n<hr class=\"wp-block-separator has-alpha-channel-opacity\"\/>\n","protected":false},"excerpt":{"rendered":"<p>Ce 23 mars, trois membres de la CEBE ont particip\u00e9, aux c\u00f4t\u00e9s de cinq agents de Bruxelles Environnement, \u00e0 une sortie au parc Baudouin \u00e0 Jette.L\u2019objectif \u00e9tait de r\u00e9fl\u00e9chir ensemble \u00e0 une \u00e9ventuelle remise \u00e0 ciel ouvert des 350 m\u00e8tres du Kerkebeek actuellement vo\u00fbt\u00e9s au Moeraske.Cette r\u00e9union de terrain s\u2019est r\u00e9v\u00e9l\u00e9e particuli\u00e8rement int\u00e9ressante.Affaire \u00e0 suivre,&hellip;&nbsp;<a href=\"https:\/\/cebe.be\/fr\/2026\/03\/23\/23-03-2026-news\/\" rel=\"bookmark\">Lire la suite &raquo;<span class=\"screen-reader-text\">23\/03\/2026  &#8211; News<\/span><\/a><\/p>\n","protected":false},"author":2,"featured_media":3021,"comment_status":"closed","ping_status":"closed","sticky":false,"template":"","format":"standard","meta":{"_acf_changed":false,"neve_meta_sidebar":"","neve_meta_container":"","neve_meta_enable_content_width":"","neve_meta_content_width":0,"neve_meta_title_alignment":"","neve_meta_author_avatar":"","neve_post_elements_order":"","neve_meta_disable_header":"","neve_meta_disable_footer":"","neve_meta_disable_title":"","iawp_total_views":2,"footnotes":""},"categories":[7],"tags":[],"class_list":["post-3020","post","type-post","status-publish","format-standard","has-post-thumbnail","hentry","category-news"],"acf":[],"_links":{"self":[{"href":"https:\/\/cebe.be\/fr\/wp-json\/wp\/v2\/posts\/3020","targetHints":{"allow":["GET"]}}],"collection":[{"href":"https:\/\/cebe.be\/fr\/wp-json\/wp\/v2\/posts"}],"about":[{"href":"https:\/\/cebe.be\/fr\/wp-json\/wp\/v2\/types\/post"}],"author":[{"embeddable":true,"href":"https:\/\/cebe.be\/fr\/wp-json\/wp\/v2\/users\/2"}],"replies":[{"embeddable":true,"href":"https:\/\/cebe.be\/fr\/wp-json\/wp\/v2\/comments?post=3020"}],"version-history":[{"count":1,"href":"https:\/\/cebe.be\/fr\/wp-json\/wp\/v2\/posts\/3020\/revisions"}],"predecessor-version":[{"id":3023,"href":"https:\/\/cebe.be\/fr\/wp-json\/wp\/v2\/posts\/3020\/revisions\/3023"}],"wp:featuredmedia":[{"embeddable":true,"href":"https:\/\/cebe.be\/fr\/wp-json\/wp\/v2\/media\/3021"}],"wp:attachment":[{"href":"https:\/\/cebe.be\/fr\/wp-json\/wp\/v2\/media?parent=3020"}],"wp:term":[{"taxonomy":"category","embeddable":true,"href":"https:\/\/cebe.be\/fr\/wp-json\/wp\/v2\/categories?post=3020"},{"taxonomy":"post_tag","embeddable":true,"href":"https:\/\/cebe.be\/fr\/wp-json\/wp\/v2\/tags?post=3020"}],"curies":[{"name":"wp","href":"https:\/\/api.w.org\/{rel}","templated":true}]}}