{"id":2939,"date":"2026-03-23T18:55:08","date_gmt":"2026-03-23T17:55:08","guid":{"rendered":"https:\/\/cebe.be\/fr\/?p=2939"},"modified":"2026-03-31T18:59:56","modified_gmt":"2026-03-31T16:59:56","slug":"23-03-2026-news-inauguration-du-moulin-de-lindekemale-a-woluwe","status":"publish","type":"post","link":"https:\/\/cebe.be\/fr\/2026\/03\/23\/23-03-2026-news-inauguration-du-moulin-de-lindekemale-a-woluwe\/","title":{"rendered":"23\/03\/2026 &#8211; News &#8211; Inauguration du moulin de Lindekemale \u00e0 Woluw\u00e9."},"content":{"rendered":"\n<p><\/p>\n\n\n\n<div class=\"wp-block-columns is-layout-flex wp-container-core-columns-is-layout-9d6595d7 wp-block-columns-is-layout-flex\">\n<div class=\"wp-block-column is-vertically-aligned-center is-layout-flow wp-block-column-is-layout-flow\" style=\"flex-basis:33.33%\"><figure class=\"wp-block-post-featured-image\"><img loading=\"lazy\" decoding=\"async\" width=\"1346\" height=\"897\" src=\"https:\/\/cebe.be\/fr\/wp-content\/uploads\/2026\/03\/2026_03_23_Ev_Moulin-Lindekemale_MAHI_679.jpg\" class=\"attachment-post-thumbnail size-post-thumbnail wp-post-image\" alt=\"\" style=\"object-fit:cover;\" srcset=\"https:\/\/cebe.be\/fr\/wp-content\/uploads\/2026\/03\/2026_03_23_Ev_Moulin-Lindekemale_MAHI_679.jpg 1346w, https:\/\/cebe.be\/fr\/wp-content\/uploads\/2026\/03\/2026_03_23_Ev_Moulin-Lindekemale_MAHI_679-300x200.jpg 300w, https:\/\/cebe.be\/fr\/wp-content\/uploads\/2026\/03\/2026_03_23_Ev_Moulin-Lindekemale_MAHI_679-1024x682.jpg 1024w, https:\/\/cebe.be\/fr\/wp-content\/uploads\/2026\/03\/2026_03_23_Ev_Moulin-Lindekemale_MAHI_679-768x512.jpg 768w, https:\/\/cebe.be\/fr\/wp-content\/uploads\/2026\/03\/2026_03_23_Ev_Moulin-Lindekemale_MAHI_679-930x620.jpg 930w, https:\/\/cebe.be\/fr\/wp-content\/uploads\/2026\/03\/2026_03_23_Ev_Moulin-Lindekemale_MAHI_679-24x16.jpg 24w, https:\/\/cebe.be\/fr\/wp-content\/uploads\/2026\/03\/2026_03_23_Ev_Moulin-Lindekemale_MAHI_679-36x24.jpg 36w, https:\/\/cebe.be\/fr\/wp-content\/uploads\/2026\/03\/2026_03_23_Ev_Moulin-Lindekemale_MAHI_679-48x32.jpg 48w\" sizes=\"auto, (max-width: 1346px) 100vw, 1346px\" \/><\/figure><\/div>\n\n\n\n<div class=\"wp-block-column is-vertically-aligned-center is-layout-flow wp-block-column-is-layout-flow\" style=\"flex-basis:66.66%\">\n<p>Le moulin de Lindekemale tourne d\u00e9sormais avec une toute nouvelle roue ! Ce lundi 23 mars, les autorit\u00e9s communales de Woluwe-Saint-Lambert ont c\u00e9l\u00e9br\u00e9 son inauguration officielle, en pr\u00e9sence de la secr\u00e9taire d\u2019\u00c9tat charg\u00e9e du patrimoine, Ans Persoons. Une petite \u00e9quipe de la CEBE \u00e9tait \u00e9galement de la partie pour marquer cet \u00e9v\u00e9nement. Une belle mise en valeur de ce patrimoine embl\u00e9matique !<\/p>\n\n\n\n<p>Photos d\u2019ambiance&nbsp;: Marc Hinderickx&nbsp;: <a href=\"https:\/\/photos.app.goo.gl\/9iSLHyE8RKmPwcJy9\">lien<\/a> \u00ab&nbsp;<\/p>\n\n\n\n<p><\/p>\n<\/div>\n<\/div>\n\n\n\n<hr class=\"wp-block-separator has-alpha-channel-opacity\"\/>\n","protected":false},"excerpt":{"rendered":"<p>Le moulin de Lindekemale tourne d\u00e9sormais avec une toute nouvelle roue ! Ce lundi 23 mars, les autorit\u00e9s communales de Woluwe-Saint-Lambert ont c\u00e9l\u00e9br\u00e9 son inauguration officielle, en pr\u00e9sence de la secr\u00e9taire d\u2019\u00c9tat charg\u00e9e du patrimoine, Ans Persoons. Une petite \u00e9quipe de la CEBE \u00e9tait \u00e9galement de la partie pour marquer cet \u00e9v\u00e9nement. Une belle mise&hellip;&nbsp;<a href=\"https:\/\/cebe.be\/fr\/2026\/03\/23\/23-03-2026-news-inauguration-du-moulin-de-lindekemale-a-woluwe\/\" rel=\"bookmark\">Lire la suite &raquo;<span class=\"screen-reader-text\">23\/03\/2026 &#8211; News &#8211; Inauguration du moulin de Lindekemale \u00e0 Woluw\u00e9.<\/span><\/a><\/p>\n","protected":false},"author":2,"featured_media":2940,"comment_status":"closed","ping_status":"closed","sticky":false,"template":"","format":"standard","meta":{"_acf_changed":false,"neve_meta_sidebar":"","neve_meta_container":"","neve_meta_enable_content_width":"","neve_meta_content_width":0,"neve_meta_title_alignment":"","neve_meta_author_avatar":"","neve_post_elements_order":"","neve_meta_disable_header":"","neve_meta_disable_footer":"","neve_meta_disable_title":"","iawp_total_views":3,"footnotes":""},"categories":[7],"tags":[],"class_list":["post-2939","post","type-post","status-publish","format-standard","has-post-thumbnail","hentry","category-news"],"acf":[],"_links":{"self":[{"href":"https:\/\/cebe.be\/fr\/wp-json\/wp\/v2\/posts\/2939","targetHints":{"allow":["GET"]}}],"collection":[{"href":"https:\/\/cebe.be\/fr\/wp-json\/wp\/v2\/posts"}],"about":[{"href":"https:\/\/cebe.be\/fr\/wp-json\/wp\/v2\/types\/post"}],"author":[{"embeddable":true,"href":"https:\/\/cebe.be\/fr\/wp-json\/wp\/v2\/users\/2"}],"replies":[{"embeddable":true,"href":"https:\/\/cebe.be\/fr\/wp-json\/wp\/v2\/comments?post=2939"}],"version-history":[{"count":2,"href":"https:\/\/cebe.be\/fr\/wp-json\/wp\/v2\/posts\/2939\/revisions"}],"predecessor-version":[{"id":2942,"href":"https:\/\/cebe.be\/fr\/wp-json\/wp\/v2\/posts\/2939\/revisions\/2942"}],"wp:featuredmedia":[{"embeddable":true,"href":"https:\/\/cebe.be\/fr\/wp-json\/wp\/v2\/media\/2940"}],"wp:attachment":[{"href":"https:\/\/cebe.be\/fr\/wp-json\/wp\/v2\/media?parent=2939"}],"wp:term":[{"taxonomy":"category","embeddable":true,"href":"https:\/\/cebe.be\/fr\/wp-json\/wp\/v2\/categories?post=2939"},{"taxonomy":"post_tag","embeddable":true,"href":"https:\/\/cebe.be\/fr\/wp-json\/wp\/v2\/tags?post=2939"}],"curies":[{"name":"wp","href":"https:\/\/api.w.org\/{rel}","templated":true}]}}