{"id":2916,"date":"2026-03-22T22:37:40","date_gmt":"2026-03-22T21:37:40","guid":{"rendered":"https:\/\/cebe.be\/fr\/?p=2916"},"modified":"2026-03-23T22:41:12","modified_gmt":"2026-03-23T21:41:12","slug":"22-03-2026-news-les-journees-bruxelloises-de-leau","status":"publish","type":"post","link":"https:\/\/cebe.be\/fr\/2026\/03\/22\/22-03-2026-news-les-journees-bruxelloises-de-leau\/","title":{"rendered":"22\/03\/2026 &#8211; News &#8211; les journ\u00e9es Bruxelloises de l\u2019eau."},"content":{"rendered":"\n<p><\/p>\n\n\n\n<div class=\"wp-block-columns is-layout-flex wp-container-core-columns-is-layout-9d6595d7 wp-block-columns-is-layout-flex\">\n<div class=\"wp-block-column is-vertically-aligned-center is-layout-flow wp-block-column-is-layout-flow\" style=\"flex-basis:33.33%\"><figure class=\"wp-block-post-featured-image\"><img loading=\"lazy\" decoding=\"async\" width=\"1346\" height=\"897\" src=\"https:\/\/cebe.be\/fr\/wp-content\/uploads\/2026\/03\/2026_03_22_Vg_Prairie-humide_MAHI_554.jpg\" class=\"attachment-post-thumbnail size-post-thumbnail wp-post-image\" alt=\"\" style=\"object-fit:cover;\" srcset=\"https:\/\/cebe.be\/fr\/wp-content\/uploads\/2026\/03\/2026_03_22_Vg_Prairie-humide_MAHI_554.jpg 1346w, https:\/\/cebe.be\/fr\/wp-content\/uploads\/2026\/03\/2026_03_22_Vg_Prairie-humide_MAHI_554-300x200.jpg 300w, https:\/\/cebe.be\/fr\/wp-content\/uploads\/2026\/03\/2026_03_22_Vg_Prairie-humide_MAHI_554-1024x682.jpg 1024w, https:\/\/cebe.be\/fr\/wp-content\/uploads\/2026\/03\/2026_03_22_Vg_Prairie-humide_MAHI_554-768x512.jpg 768w, https:\/\/cebe.be\/fr\/wp-content\/uploads\/2026\/03\/2026_03_22_Vg_Prairie-humide_MAHI_554-930x620.jpg 930w, https:\/\/cebe.be\/fr\/wp-content\/uploads\/2026\/03\/2026_03_22_Vg_Prairie-humide_MAHI_554-24x16.jpg 24w, https:\/\/cebe.be\/fr\/wp-content\/uploads\/2026\/03\/2026_03_22_Vg_Prairie-humide_MAHI_554-36x24.jpg 36w, https:\/\/cebe.be\/fr\/wp-content\/uploads\/2026\/03\/2026_03_22_Vg_Prairie-humide_MAHI_554-48x32.jpg 48w\" sizes=\"auto, (max-width: 1346px) 100vw, 1346px\" \/><\/figure><\/div>\n\n\n\n<div class=\"wp-block-column is-vertically-aligned-center is-layout-flow wp-block-column-is-layout-flow\" style=\"flex-basis:66.66%\">\n<p>En cette fin du mois de mars \u00e9taient organis\u00e9es par Escaut sans Fronti\u00e8re les journ\u00e9es Bruxelloises de l\u2019eau.<\/p>\n\n\n\n<p>La CEBE s\u2019est joint \u00e0 l\u2019\u00e9v\u00e9nement en collaboration avec Bruxelles Environnement.<\/p>\n\n\n\n<p>Une balade \u00e0 l\u2019Hof-ter-Musschen \u00e9tait organis\u00e9e afin de faire d\u00e9couvrir la Woluwe \u00e0 la limite de la R\u00e9gion bruxelloise.<\/p>\n\n\n\n<p>Michel Moreels se chargeait du site tandis que Nel Van Weyenbergh (Gestionnaire du maillage bleu \u00e0 Bruxelles Environnement) couvrait les aspects sp\u00e9cifiques de la Woluwe. Elle nous a expliqu\u00e9 o\u00f9 la Woluwe prenait sa source et o\u00f9 elle se jetait dans la Senne. Elle a ensuite d\u00e9taill\u00e9 les gros travaux entrepris afin de restaurer la fluidit\u00e9 de la rivi\u00e8re (Merci \u00e0 Elle).<\/p>\n\n\n\n<p>Michel nous a fait d\u00e9couvrir le site, l\u2019histoire de la ferme et du moulin, les prairies s\u00e8ches et humides, le tout parsem\u00e9 de nombreuses anecdotes.<\/p>\n\n\n\n<p>Afin de respecter l\u2019horaire, la balade n\u2019a pas fait le tour complet du site mais est revenue par le chemin creux (un des derniers \u00e0 Bruxelles).<\/p>\n\n\n\n<p>C\u2019est par un beau temps (quoiqu\u2019un peu frais) que cette d\u00e9couverte a eu lieu pour un petit groupe enthousiaste (7 visiteurs).<\/p>\n\n\n\n<p>Vous trouverez derri\u00e8re ce <a href=\"https:\/\/photos.app.goo.gl\/DkW8aasZ9EWvbqvx7\">lien<\/a> quelques photos d\u2019ambiance de cette agr\u00e9able balade.<\/p>\n\n\n\n<p>Marc Hinderickx&nbsp;\u00bb<\/p>\n\n\n\n<p><\/p>\n<\/div>\n<\/div>\n\n\n\n<hr class=\"wp-block-separator has-alpha-channel-opacity\"\/>\n","protected":false},"excerpt":{"rendered":"<p>En cette fin du mois de mars \u00e9taient organis\u00e9es par Escaut sans Fronti\u00e8re les journ\u00e9es Bruxelloises de l\u2019eau. La CEBE s\u2019est joint \u00e0 l\u2019\u00e9v\u00e9nement en collaboration avec Bruxelles Environnement. Une balade \u00e0 l\u2019Hof-ter-Musschen \u00e9tait organis\u00e9e afin de faire d\u00e9couvrir la Woluwe \u00e0 la limite de la R\u00e9gion bruxelloise. Michel Moreels se chargeait du site tandis&hellip;&nbsp;<a href=\"https:\/\/cebe.be\/fr\/2026\/03\/22\/22-03-2026-news-les-journees-bruxelloises-de-leau\/\" rel=\"bookmark\">Lire la suite &raquo;<span class=\"screen-reader-text\">22\/03\/2026 &#8211; News &#8211; les journ\u00e9es Bruxelloises de l\u2019eau.<\/span><\/a><\/p>\n","protected":false},"author":2,"featured_media":2917,"comment_status":"closed","ping_status":"closed","sticky":false,"template":"","format":"standard","meta":{"_acf_changed":false,"neve_meta_sidebar":"","neve_meta_container":"","neve_meta_enable_content_width":"","neve_meta_content_width":0,"neve_meta_title_alignment":"","neve_meta_author_avatar":"","neve_post_elements_order":"","neve_meta_disable_header":"","neve_meta_disable_footer":"","neve_meta_disable_title":"","iawp_total_views":5,"footnotes":""},"categories":[7],"tags":[],"class_list":["post-2916","post","type-post","status-publish","format-standard","has-post-thumbnail","hentry","category-news"],"acf":[],"_links":{"self":[{"href":"https:\/\/cebe.be\/fr\/wp-json\/wp\/v2\/posts\/2916","targetHints":{"allow":["GET"]}}],"collection":[{"href":"https:\/\/cebe.be\/fr\/wp-json\/wp\/v2\/posts"}],"about":[{"href":"https:\/\/cebe.be\/fr\/wp-json\/wp\/v2\/types\/post"}],"author":[{"embeddable":true,"href":"https:\/\/cebe.be\/fr\/wp-json\/wp\/v2\/users\/2"}],"replies":[{"embeddable":true,"href":"https:\/\/cebe.be\/fr\/wp-json\/wp\/v2\/comments?post=2916"}],"version-history":[{"count":1,"href":"https:\/\/cebe.be\/fr\/wp-json\/wp\/v2\/posts\/2916\/revisions"}],"predecessor-version":[{"id":2918,"href":"https:\/\/cebe.be\/fr\/wp-json\/wp\/v2\/posts\/2916\/revisions\/2918"}],"wp:featuredmedia":[{"embeddable":true,"href":"https:\/\/cebe.be\/fr\/wp-json\/wp\/v2\/media\/2917"}],"wp:attachment":[{"href":"https:\/\/cebe.be\/fr\/wp-json\/wp\/v2\/media?parent=2916"}],"wp:term":[{"taxonomy":"category","embeddable":true,"href":"https:\/\/cebe.be\/fr\/wp-json\/wp\/v2\/categories?post=2916"},{"taxonomy":"post_tag","embeddable":true,"href":"https:\/\/cebe.be\/fr\/wp-json\/wp\/v2\/tags?post=2916"}],"curies":[{"name":"wp","href":"https:\/\/api.w.org\/{rel}","templated":true}]}}